{"id":611,"date":"2018-08-31T14:00:45","date_gmt":"2018-08-31T12:00:45","guid":{"rendered":"http:\/\/szalepolonii.warszawa.pl\/?p=611"},"modified":"2018-09-26T15:42:47","modified_gmt":"2018-09-26T13:42:47","slug":"ksp-sandecja-nowy-sacz-dziela-nas-kilometry-laczy-ponad-dwudziestoletnia-sztama","status":"publish","type":"post","link":"https:\/\/szalepolonii.warszawa.pl\/index.php\/2018\/08\/31\/ksp-sandecja-nowy-sacz-dziela-nas-kilometry-laczy-ponad-dwudziestoletnia-sztama\/","title":{"rendered":"KSP Sandecja Nowy S\u0105cz, dziel\u0105 nas kilometry, \u0142\u0105czy ponad dwudziestoletnia sztama"},"content":{"rendered":"<p><a href=\"http:\/\/szalepolonii.warszawa.pl\/wp-content\/uploads\/2018\/08\/pol-san-koc.jpg\"><img loading=\"lazy\" decoding=\"async\" class=\"aligncenter wp-image-361 size-large\" src=\"http:\/\/szalepolonii.warszawa.pl\/wp-content\/uploads\/2018\/08\/pol-san-koc-950x166.jpg\" alt=\"\" width=\"950\" height=\"166\" srcset=\"https:\/\/szalepolonii.warszawa.pl\/wp-content\/uploads\/2018\/08\/pol-san-koc-950x166.jpg 950w, https:\/\/szalepolonii.warszawa.pl\/wp-content\/uploads\/2018\/08\/pol-san-koc-200x35.jpg 200w, https:\/\/szalepolonii.warszawa.pl\/wp-content\/uploads\/2018\/08\/pol-san-koc-300x53.jpg 300w, https:\/\/szalepolonii.warszawa.pl\/wp-content\/uploads\/2018\/08\/pol-san-koc-768x135.jpg 768w\" sizes=\"auto, (max-width: 950px) 100vw, 950px\" \/><\/a><\/p>\n","protected":false},"excerpt":{"rendered":"","protected":false},"author":2,"featured_media":0,"comment_status":"closed","ping_status":"open","sticky":false,"template":"","format":"standard","meta":{"footnotes":""},"categories":[8,11],"tags":[19],"class_list":["post-611","post","type-post","status-publish","format-standard","hentry","category-laczone-zgodowe","category-sandecja","tag-ksp"],"_links":{"self":[{"href":"https:\/\/szalepolonii.warszawa.pl\/index.php\/wp-json\/wp\/v2\/posts\/611","targetHints":{"allow":["GET"]}}],"collection":[{"href":"https:\/\/szalepolonii.warszawa.pl\/index.php\/wp-json\/wp\/v2\/posts"}],"about":[{"href":"https:\/\/szalepolonii.warszawa.pl\/index.php\/wp-json\/wp\/v2\/types\/post"}],"author":[{"embeddable":true,"href":"https:\/\/szalepolonii.warszawa.pl\/index.php\/wp-json\/wp\/v2\/users\/2"}],"replies":[{"embeddable":true,"href":"https:\/\/szalepolonii.warszawa.pl\/index.php\/wp-json\/wp\/v2\/comments?post=611"}],"version-history":[{"count":3,"href":"https:\/\/szalepolonii.warszawa.pl\/index.php\/wp-json\/wp\/v2\/posts\/611\/revisions"}],"predecessor-version":[{"id":1137,"href":"https:\/\/szalepolonii.warszawa.pl\/index.php\/wp-json\/wp\/v2\/posts\/611\/revisions\/1137"}],"wp:attachment":[{"href":"https:\/\/szalepolonii.warszawa.pl\/index.php\/wp-json\/wp\/v2\/media?parent=611"}],"wp:term":[{"taxonomy":"category","embeddable":true,"href":"https:\/\/szalepolonii.warszawa.pl\/index.php\/wp-json\/wp\/v2\/categories?post=611"},{"taxonomy":"post_tag","embeddable":true,"href":"https:\/\/szalepolonii.warszawa.pl\/index.php\/wp-json\/wp\/v2\/tags?post=611"}],"curies":[{"name":"wp","href":"https:\/\/api.w.org\/{rel}","templated":true}]}}