{"id":567,"date":"2018-08-31T13:00:49","date_gmt":"2018-08-31T11:00:49","guid":{"rendered":"http:\/\/szalepolonii.warszawa.pl\/?p=567"},"modified":"2018-09-26T14:36:54","modified_gmt":"2018-09-26T12:36:54","slug":"ksp-cracovia-arka-gdynia","status":"publish","type":"post","link":"https:\/\/szalepolonii.warszawa.pl\/index.php\/2018\/08\/31\/ksp-cracovia-arka-gdynia\/","title":{"rendered":"KSP duma Warszawy Cracovia Krak\u00f3w urodzeni mordercy Arka Gdynia w\u0142adcy p\u00f3\u0142nocy"},"content":{"rendered":"<p><a href=\"http:\/\/szalepolonii.warszawa.pl\/wp-content\/uploads\/2018\/08\/POLONIA-ARKA-CRACOVIA-CZASZKA.jpg\"><img loading=\"lazy\" decoding=\"async\" class=\"aligncenter wp-image-382 size-large\" src=\"http:\/\/szalepolonii.warszawa.pl\/wp-content\/uploads\/2018\/08\/POLONIA-ARKA-CRACOVIA-CZASZKA-950x129.jpg\" alt=\"\" width=\"950\" height=\"129\" srcset=\"https:\/\/szalepolonii.warszawa.pl\/wp-content\/uploads\/2018\/08\/POLONIA-ARKA-CRACOVIA-CZASZKA-950x129.jpg 950w, https:\/\/szalepolonii.warszawa.pl\/wp-content\/uploads\/2018\/08\/POLONIA-ARKA-CRACOVIA-CZASZKA-200x27.jpg 200w, https:\/\/szalepolonii.warszawa.pl\/wp-content\/uploads\/2018\/08\/POLONIA-ARKA-CRACOVIA-CZASZKA-300x41.jpg 300w, https:\/\/szalepolonii.warszawa.pl\/wp-content\/uploads\/2018\/08\/POLONIA-ARKA-CRACOVIA-CZASZKA-768x104.jpg 768w\" sizes=\"auto, (max-width: 950px) 100vw, 950px\" \/><\/a><\/p>\n","protected":false},"excerpt":{"rendered":"","protected":false},"author":2,"featured_media":0,"comment_status":"closed","ping_status":"open","sticky":false,"template":"","format":"standard","meta":{"footnotes":""},"categories":[8,15],"tags":[46,44,19],"class_list":["post-567","post","type-post","status-publish","format-standard","hentry","category-laczone-zgodowe","category-wielozgodowe","tag-arka","tag-cracovia","tag-ksp"],"_links":{"self":[{"href":"https:\/\/szalepolonii.warszawa.pl\/index.php\/wp-json\/wp\/v2\/posts\/567","targetHints":{"allow":["GET"]}}],"collection":[{"href":"https:\/\/szalepolonii.warszawa.pl\/index.php\/wp-json\/wp\/v2\/posts"}],"about":[{"href":"https:\/\/szalepolonii.warszawa.pl\/index.php\/wp-json\/wp\/v2\/types\/post"}],"author":[{"embeddable":true,"href":"https:\/\/szalepolonii.warszawa.pl\/index.php\/wp-json\/wp\/v2\/users\/2"}],"replies":[{"embeddable":true,"href":"https:\/\/szalepolonii.warszawa.pl\/index.php\/wp-json\/wp\/v2\/comments?post=567"}],"version-history":[{"count":6,"href":"https:\/\/szalepolonii.warszawa.pl\/index.php\/wp-json\/wp\/v2\/posts\/567\/revisions"}],"predecessor-version":[{"id":1133,"href":"https:\/\/szalepolonii.warszawa.pl\/index.php\/wp-json\/wp\/v2\/posts\/567\/revisions\/1133"}],"wp:attachment":[{"href":"https:\/\/szalepolonii.warszawa.pl\/index.php\/wp-json\/wp\/v2\/media?parent=567"}],"wp:term":[{"taxonomy":"category","embeddable":true,"href":"https:\/\/szalepolonii.warszawa.pl\/index.php\/wp-json\/wp\/v2\/categories?post=567"},{"taxonomy":"post_tag","embeddable":true,"href":"https:\/\/szalepolonii.warszawa.pl\/index.php\/wp-json\/wp\/v2\/tags?post=567"}],"curies":[{"name":"wp","href":"https:\/\/api.w.org\/{rel}","templated":true}]}}