{"id":465,"date":"2018-08-24T12:30:21","date_gmt":"2018-08-24T10:30:21","guid":{"rendered":"http:\/\/szalepolonii.warszawa.pl\/?p=465"},"modified":"2021-02-21T18:28:07","modified_gmt":"2021-02-21T17:28:07","slug":"ksp-forza-polonia-od-najmlodszych-lat-za-polonia-w-swiat-polonie-kochamy-choc-lat-nieduzo-mamy","status":"publish","type":"post","link":"https:\/\/szalepolonii.warszawa.pl\/index.php\/2018\/08\/24\/ksp-forza-polonia-od-najmlodszych-lat-za-polonia-w-swiat-polonie-kochamy-choc-lat-nieduzo-mamy\/","title":{"rendered":"KSP forza Polonia, od najm\u0142odszych lat za Poloni\u0105 w \u015bwiat, Poloni\u0119 kochamy cho\u0107 lat niedu\u017co mamy, ciemna posta\u0107"},"content":{"rendered":"<p><a href=\"http:\/\/szalepolonii.warszawa.pl\/wp-content\/uploads\/2018\/08\/Od-najm\u0142odszych-lat-za-Poloni\u0105-w-\u015bwiat.jpg\"><img loading=\"lazy\" decoding=\"async\" class=\"aligncenter wp-image-424 size-large\" src=\"http:\/\/szalepolonii.warszawa.pl\/wp-content\/uploads\/2018\/08\/Od-najm\u0142odszych-lat-za-Poloni\u0105-w-\u015bwiat-950x282.jpg\" alt=\"\" width=\"950\" height=\"282\" srcset=\"https:\/\/szalepolonii.warszawa.pl\/wp-content\/uploads\/2018\/08\/Od-najm\u0142odszych-lat-za-Poloni\u0105-w-\u015bwiat-950x282.jpg 950w, https:\/\/szalepolonii.warszawa.pl\/wp-content\/uploads\/2018\/08\/Od-najm\u0142odszych-lat-za-Poloni\u0105-w-\u015bwiat-200x59.jpg 200w, https:\/\/szalepolonii.warszawa.pl\/wp-content\/uploads\/2018\/08\/Od-najm\u0142odszych-lat-za-Poloni\u0105-w-\u015bwiat-300x89.jpg 300w, https:\/\/szalepolonii.warszawa.pl\/wp-content\/uploads\/2018\/08\/Od-najm\u0142odszych-lat-za-Poloni\u0105-w-\u015bwiat-768x228.jpg 768w\" sizes=\"auto, (max-width: 950px) 100vw, 950px\" \/><\/a><\/p>\n","protected":false},"excerpt":{"rendered":"","protected":false},"author":2,"featured_media":0,"comment_status":"closed","ping_status":"open","sticky":false,"template":"","format":"standard","meta":{"footnotes":""},"categories":[6],"tags":[19,20],"class_list":["post-465","post","type-post","status-publish","format-standard","hentry","category-juniorskie","tag-ksp","tag-polonia"],"_links":{"self":[{"href":"https:\/\/szalepolonii.warszawa.pl\/index.php\/wp-json\/wp\/v2\/posts\/465","targetHints":{"allow":["GET"]}}],"collection":[{"href":"https:\/\/szalepolonii.warszawa.pl\/index.php\/wp-json\/wp\/v2\/posts"}],"about":[{"href":"https:\/\/szalepolonii.warszawa.pl\/index.php\/wp-json\/wp\/v2\/types\/post"}],"author":[{"embeddable":true,"href":"https:\/\/szalepolonii.warszawa.pl\/index.php\/wp-json\/wp\/v2\/users\/2"}],"replies":[{"embeddable":true,"href":"https:\/\/szalepolonii.warszawa.pl\/index.php\/wp-json\/wp\/v2\/comments?post=465"}],"version-history":[{"count":4,"href":"https:\/\/szalepolonii.warszawa.pl\/index.php\/wp-json\/wp\/v2\/posts\/465\/revisions"}],"predecessor-version":[{"id":1450,"href":"https:\/\/szalepolonii.warszawa.pl\/index.php\/wp-json\/wp\/v2\/posts\/465\/revisions\/1450"}],"wp:attachment":[{"href":"https:\/\/szalepolonii.warszawa.pl\/index.php\/wp-json\/wp\/v2\/media?parent=465"}],"wp:term":[{"taxonomy":"category","embeddable":true,"href":"https:\/\/szalepolonii.warszawa.pl\/index.php\/wp-json\/wp\/v2\/categories?post=465"},{"taxonomy":"post_tag","embeddable":true,"href":"https:\/\/szalepolonii.warszawa.pl\/index.php\/wp-json\/wp\/v2\/tags?post=465"}],"curies":[{"name":"wp","href":"https:\/\/api.w.org\/{rel}","templated":true}]}}