{"id":463,"date":"2018-08-24T12:27:59","date_gmt":"2018-08-24T10:27:59","guid":{"rendered":"http:\/\/szalepolonii.warszawa.pl\/?p=463"},"modified":"2018-09-26T14:27:33","modified_gmt":"2018-09-26T12:27:33","slug":"ksp-polonie-kochamy-choc-lat-nieduzo-mamy","status":"publish","type":"post","link":"https:\/\/szalepolonii.warszawa.pl\/index.php\/2018\/08\/24\/ksp-polonie-kochamy-choc-lat-nieduzo-mamy\/","title":{"rendered":"KSP Poloni\u0119 kochamy cho\u0107 lat niedu\u017co mamy"},"content":{"rendered":"<p><a href=\"http:\/\/szalepolonii.warszawa.pl\/wp-content\/uploads\/2018\/08\/Poloni\u0119-kochamy-cho\u0107-lat-niewiele-mamy.jpg\"><img loading=\"lazy\" decoding=\"async\" class=\"aligncenter wp-image-425 size-large\" src=\"http:\/\/szalepolonii.warszawa.pl\/wp-content\/uploads\/2018\/08\/Poloni\u0119-kochamy-cho\u0107-lat-niewiele-mamy-950x178.jpg\" alt=\"\" width=\"950\" height=\"178\" srcset=\"https:\/\/szalepolonii.warszawa.pl\/wp-content\/uploads\/2018\/08\/Poloni\u0119-kochamy-cho\u0107-lat-niewiele-mamy-950x178.jpg 950w, https:\/\/szalepolonii.warszawa.pl\/wp-content\/uploads\/2018\/08\/Poloni\u0119-kochamy-cho\u0107-lat-niewiele-mamy-200x37.jpg 200w, https:\/\/szalepolonii.warszawa.pl\/wp-content\/uploads\/2018\/08\/Poloni\u0119-kochamy-cho\u0107-lat-niewiele-mamy-300x56.jpg 300w, https:\/\/szalepolonii.warszawa.pl\/wp-content\/uploads\/2018\/08\/Poloni\u0119-kochamy-cho\u0107-lat-niewiele-mamy-768x144.jpg 768w\" sizes=\"auto, (max-width: 950px) 100vw, 950px\" \/><\/a><\/p>\n","protected":false},"excerpt":{"rendered":"","protected":false},"author":2,"featured_media":0,"comment_status":"closed","ping_status":"open","sticky":false,"template":"","format":"standard","meta":{"footnotes":""},"categories":[6],"tags":[19],"class_list":["post-463","post","type-post","status-publish","format-standard","hentry","category-juniorskie","tag-ksp"],"_links":{"self":[{"href":"https:\/\/szalepolonii.warszawa.pl\/index.php\/wp-json\/wp\/v2\/posts\/463","targetHints":{"allow":["GET"]}}],"collection":[{"href":"https:\/\/szalepolonii.warszawa.pl\/index.php\/wp-json\/wp\/v2\/posts"}],"about":[{"href":"https:\/\/szalepolonii.warszawa.pl\/index.php\/wp-json\/wp\/v2\/types\/post"}],"author":[{"embeddable":true,"href":"https:\/\/szalepolonii.warszawa.pl\/index.php\/wp-json\/wp\/v2\/users\/2"}],"replies":[{"embeddable":true,"href":"https:\/\/szalepolonii.warszawa.pl\/index.php\/wp-json\/wp\/v2\/comments?post=463"}],"version-history":[{"count":3,"href":"https:\/\/szalepolonii.warszawa.pl\/index.php\/wp-json\/wp\/v2\/posts\/463\/revisions"}],"predecessor-version":[{"id":1102,"href":"https:\/\/szalepolonii.warszawa.pl\/index.php\/wp-json\/wp\/v2\/posts\/463\/revisions\/1102"}],"wp:attachment":[{"href":"https:\/\/szalepolonii.warszawa.pl\/index.php\/wp-json\/wp\/v2\/media?parent=463"}],"wp:term":[{"taxonomy":"category","embeddable":true,"href":"https:\/\/szalepolonii.warszawa.pl\/index.php\/wp-json\/wp\/v2\/categories?post=463"},{"taxonomy":"post_tag","embeddable":true,"href":"https:\/\/szalepolonii.warszawa.pl\/index.php\/wp-json\/wp\/v2\/tags?post=463"}],"curies":[{"name":"wp","href":"https:\/\/api.w.org\/{rel}","templated":true}]}}