{"id":455,"date":"2018-08-25T11:00:10","date_gmt":"2018-08-25T09:00:10","guid":{"rendered":"http:\/\/szalepolonii.warszawa.pl\/?p=455"},"modified":"2025-03-14T14:01:32","modified_gmt":"2025-03-14T13:01:32","slug":"ksp-waclaw-denhoff-czarnocki-zm-11-iv-1927-zalozycielu-polonii-nikt-z-nas-nie-zapomni","status":"publish","type":"post","link":"https:\/\/szalepolonii.warszawa.pl\/index.php\/2018\/08\/25\/ksp-waclaw-denhoff-czarnocki-zm-11-iv-1927-zalozycielu-polonii-nikt-z-nas-nie-zapomni\/","title":{"rendered":"KSP Wac\u0142aw Denhoff Czarnocki zm. 11 IV 1927, za\u0142o\u017cycielu Polonii nikt z nas nie zapomni; postacie"},"content":{"rendered":"<p><img loading=\"lazy\" decoding=\"async\" class=\"aligncenter wp-image-429 size-large\" src=\"http:\/\/szalepolonii.warszawa.pl\/wp-content\/uploads\/2018\/08\/Wac\u0142aw-Denhoff-600x100.jpg\" alt=\"\" width=\"600\" height=\"100\" \/><\/p>\n","protected":false},"excerpt":{"rendered":"","protected":false},"author":2,"featured_media":0,"comment_status":"closed","ping_status":"open","sticky":false,"template":"","format":"standard","meta":{"footnotes":""},"categories":[4,59],"tags":[19],"class_list":["post-455","post","type-post","status-publish","format-standard","hentry","category-klub-sportowy-polonia","category-postacie","tag-ksp"],"_links":{"self":[{"href":"https:\/\/szalepolonii.warszawa.pl\/index.php\/wp-json\/wp\/v2\/posts\/455","targetHints":{"allow":["GET"]}}],"collection":[{"href":"https:\/\/szalepolonii.warszawa.pl\/index.php\/wp-json\/wp\/v2\/posts"}],"about":[{"href":"https:\/\/szalepolonii.warszawa.pl\/index.php\/wp-json\/wp\/v2\/types\/post"}],"author":[{"embeddable":true,"href":"https:\/\/szalepolonii.warszawa.pl\/index.php\/wp-json\/wp\/v2\/users\/2"}],"replies":[{"embeddable":true,"href":"https:\/\/szalepolonii.warszawa.pl\/index.php\/wp-json\/wp\/v2\/comments?post=455"}],"version-history":[{"count":3,"href":"https:\/\/szalepolonii.warszawa.pl\/index.php\/wp-json\/wp\/v2\/posts\/455\/revisions"}],"predecessor-version":[{"id":19567,"href":"https:\/\/szalepolonii.warszawa.pl\/index.php\/wp-json\/wp\/v2\/posts\/455\/revisions\/19567"}],"wp:attachment":[{"href":"https:\/\/szalepolonii.warszawa.pl\/index.php\/wp-json\/wp\/v2\/media?parent=455"}],"wp:term":[{"taxonomy":"category","embeddable":true,"href":"https:\/\/szalepolonii.warszawa.pl\/index.php\/wp-json\/wp\/v2\/categories?post=455"},{"taxonomy":"post_tag","embeddable":true,"href":"https:\/\/szalepolonii.warszawa.pl\/index.php\/wp-json\/wp\/v2\/tags?post=455"}],"curies":[{"name":"wp","href":"https:\/\/api.w.org\/{rel}","templated":true}]}}