{"id":290,"date":"2018-08-31T15:12:53","date_gmt":"2018-08-31T13:12:53","guid":{"rendered":"http:\/\/szalepolonii.warszawa.pl\/?p=290"},"modified":"2018-09-26T15:59:41","modified_gmt":"2018-09-26T13:59:41","slug":"ksp-arka-gdynia-wladcy-polnocy-duma-stolicy-laczy-nas-przyjazn-nie-dzieli-nic","status":"publish","type":"post","link":"https:\/\/szalepolonii.warszawa.pl\/index.php\/2018\/08\/31\/ksp-arka-gdynia-wladcy-polnocy-duma-stolicy-laczy-nas-przyjazn-nie-dzieli-nic\/","title":{"rendered":"KSP Arka Gdynia W\u0142adcy P\u00f3\u0142nocy, Duma Stolicy, \u0142\u0105czy nas przyja\u017a\u0144, nie dzieli nic!"},"content":{"rendered":"<p><a href=\"http:\/\/szalepolonii.warszawa.pl\/wp-content\/uploads\/2018\/06\/arka-\u0142aczy-nas-przyaj\u017a\u0144.jpg\"><img loading=\"lazy\" decoding=\"async\" class=\"aligncenter wp-image-18 size-large\" src=\"http:\/\/szalepolonii.warszawa.pl\/wp-content\/uploads\/2018\/06\/arka-\u0142aczy-nas-przyaj\u017a\u0144-750x223.jpg\" alt=\"\" width=\"750\" height=\"223\" srcset=\"https:\/\/szalepolonii.warszawa.pl\/wp-content\/uploads\/2018\/06\/arka-\u0142aczy-nas-przyaj\u017a\u0144-750x223.jpg 750w, https:\/\/szalepolonii.warszawa.pl\/wp-content\/uploads\/2018\/06\/arka-\u0142aczy-nas-przyaj\u017a\u0144-200x59.jpg 200w, https:\/\/szalepolonii.warszawa.pl\/wp-content\/uploads\/2018\/06\/arka-\u0142aczy-nas-przyaj\u017a\u0144-300x89.jpg 300w, https:\/\/szalepolonii.warszawa.pl\/wp-content\/uploads\/2018\/06\/arka-\u0142aczy-nas-przyaj\u017a\u0144-768x228.jpg 768w\" sizes=\"auto, (max-width: 750px) 100vw, 750px\" \/><\/a><\/p>\n","protected":false},"excerpt":{"rendered":"","protected":false},"author":2,"featured_media":0,"comment_status":"closed","ping_status":"open","sticky":false,"template":"","format":"standard","meta":{"footnotes":""},"categories":[12,8],"tags":[46,32,19],"class_list":["post-290","post","type-post","status-publish","format-standard","hentry","category-arka-gdynia","category-laczone-zgodowe","tag-arka","tag-duma-stolicy","tag-ksp"],"_links":{"self":[{"href":"https:\/\/szalepolonii.warszawa.pl\/index.php\/wp-json\/wp\/v2\/posts\/290","targetHints":{"allow":["GET"]}}],"collection":[{"href":"https:\/\/szalepolonii.warszawa.pl\/index.php\/wp-json\/wp\/v2\/posts"}],"about":[{"href":"https:\/\/szalepolonii.warszawa.pl\/index.php\/wp-json\/wp\/v2\/types\/post"}],"author":[{"embeddable":true,"href":"https:\/\/szalepolonii.warszawa.pl\/index.php\/wp-json\/wp\/v2\/users\/2"}],"replies":[{"embeddable":true,"href":"https:\/\/szalepolonii.warszawa.pl\/index.php\/wp-json\/wp\/v2\/comments?post=290"}],"version-history":[{"count":4,"href":"https:\/\/szalepolonii.warszawa.pl\/index.php\/wp-json\/wp\/v2\/posts\/290\/revisions"}],"predecessor-version":[{"id":1170,"href":"https:\/\/szalepolonii.warszawa.pl\/index.php\/wp-json\/wp\/v2\/posts\/290\/revisions\/1170"}],"wp:attachment":[{"href":"https:\/\/szalepolonii.warszawa.pl\/index.php\/wp-json\/wp\/v2\/media?parent=290"}],"wp:term":[{"taxonomy":"category","embeddable":true,"href":"https:\/\/szalepolonii.warszawa.pl\/index.php\/wp-json\/wp\/v2\/categories?post=290"},{"taxonomy":"post_tag","embeddable":true,"href":"https:\/\/szalepolonii.warszawa.pl\/index.php\/wp-json\/wp\/v2\/tags?post=290"}],"curies":[{"name":"wp","href":"https:\/\/api.w.org\/{rel}","templated":true}]}}