{"id":288,"date":"2018-08-31T15:13:20","date_gmt":"2018-08-31T13:13:20","guid":{"rendered":"http:\/\/szalepolonii.warszawa.pl\/?p=288"},"modified":"2018-09-26T15:59:29","modified_gmt":"2018-09-26T13:59:29","slug":"ksp-arka-gdynia-mecz-przyjazni-17-v-2008-laczy-nas-przyjazn-nie-dzieli-nas-nic","status":"publish","type":"post","link":"https:\/\/szalepolonii.warszawa.pl\/index.php\/2018\/08\/31\/ksp-arka-gdynia-mecz-przyjazni-17-v-2008-laczy-nas-przyjazn-nie-dzieli-nas-nic\/","title":{"rendered":"KSP Arka Gdynia mecz przyja\u017ani 17 V 2008, \u0142\u0105czy nas przyja\u017a\u0144, nie dzieli nas nic"},"content":{"rendered":"<p><a href=\"http:\/\/szalepolonii.warszawa.pl\/wp-content\/uploads\/2018\/06\/arka-mecz-przyjazni-2008.jpg\"><img loading=\"lazy\" decoding=\"async\" class=\"aligncenter wp-image-19 size-large\" src=\"http:\/\/szalepolonii.warszawa.pl\/wp-content\/uploads\/2018\/06\/arka-mecz-przyjazni-2008-750x253.jpg\" alt=\"\" width=\"750\" height=\"253\" srcset=\"https:\/\/szalepolonii.warszawa.pl\/wp-content\/uploads\/2018\/06\/arka-mecz-przyjazni-2008-750x253.jpg 750w, https:\/\/szalepolonii.warszawa.pl\/wp-content\/uploads\/2018\/06\/arka-mecz-przyjazni-2008-200x67.jpg 200w, https:\/\/szalepolonii.warszawa.pl\/wp-content\/uploads\/2018\/06\/arka-mecz-przyjazni-2008-300x101.jpg 300w, https:\/\/szalepolonii.warszawa.pl\/wp-content\/uploads\/2018\/06\/arka-mecz-przyjazni-2008-768x259.jpg 768w\" sizes=\"auto, (max-width: 750px) 100vw, 750px\" \/><\/a><\/p>\n","protected":false},"excerpt":{"rendered":"","protected":false},"author":2,"featured_media":0,"comment_status":"closed","ping_status":"open","sticky":false,"template":"","format":"standard","meta":{"footnotes":""},"categories":[12,8],"tags":[46,19],"class_list":["post-288","post","type-post","status-publish","format-standard","hentry","category-arka-gdynia","category-laczone-zgodowe","tag-arka","tag-ksp"],"_links":{"self":[{"href":"https:\/\/szalepolonii.warszawa.pl\/index.php\/wp-json\/wp\/v2\/posts\/288","targetHints":{"allow":["GET"]}}],"collection":[{"href":"https:\/\/szalepolonii.warszawa.pl\/index.php\/wp-json\/wp\/v2\/posts"}],"about":[{"href":"https:\/\/szalepolonii.warszawa.pl\/index.php\/wp-json\/wp\/v2\/types\/post"}],"author":[{"embeddable":true,"href":"https:\/\/szalepolonii.warszawa.pl\/index.php\/wp-json\/wp\/v2\/users\/2"}],"replies":[{"embeddable":true,"href":"https:\/\/szalepolonii.warszawa.pl\/index.php\/wp-json\/wp\/v2\/comments?post=288"}],"version-history":[{"count":3,"href":"https:\/\/szalepolonii.warszawa.pl\/index.php\/wp-json\/wp\/v2\/posts\/288\/revisions"}],"predecessor-version":[{"id":1169,"href":"https:\/\/szalepolonii.warszawa.pl\/index.php\/wp-json\/wp\/v2\/posts\/288\/revisions\/1169"}],"wp:attachment":[{"href":"https:\/\/szalepolonii.warszawa.pl\/index.php\/wp-json\/wp\/v2\/media?parent=288"}],"wp:term":[{"taxonomy":"category","embeddable":true,"href":"https:\/\/szalepolonii.warszawa.pl\/index.php\/wp-json\/wp\/v2\/categories?post=288"},{"taxonomy":"post_tag","embeddable":true,"href":"https:\/\/szalepolonii.warszawa.pl\/index.php\/wp-json\/wp\/v2\/tags?post=288"}],"curies":[{"name":"wp","href":"https:\/\/api.w.org\/{rel}","templated":true}]}}