{"id":271,"date":"2018-08-23T14:42:32","date_gmt":"2018-08-23T12:42:32","guid":{"rendered":"http:\/\/szalepolonii.warszawa.pl\/?p=271"},"modified":"2023-03-22T11:32:17","modified_gmt":"2023-03-22T10:32:17","slug":"ksp-rks-bron-radom-bracia-krwi-fanatycy-czarnych-koszul-ultras-group-chlopcy-z-placu-broni-nasz-przyjazn-nasza-sila-niech-nienawidza-byle-sie-bali","status":"publish","type":"post","link":"https:\/\/szalepolonii.warszawa.pl\/index.php\/2018\/08\/23\/ksp-rks-bron-radom-bracia-krwi-fanatycy-czarnych-koszul-ultras-group-chlopcy-z-placu-broni-nasz-przyjazn-nasza-sila-niech-nienawidza-byle-sie-bali\/","title":{"rendered":"KSP RKS Bro\u0144 Radom, bracia krwi, fanatycy Czarnych Koszul, Ultras Group Ch\u0142opcy z Placu Broni, nasza przyja\u017a\u0144 nasz\u0105 si\u0142\u0105, niech nienawidz\u0105 byle si\u0119 bali"},"content":{"rendered":"<p><a href=\"http:\/\/szalepolonii.warszawa.pl\/wp-content\/uploads\/2018\/06\/bro\u0144-radom-bracia-krwi.jpg\"><img loading=\"lazy\" decoding=\"async\" class=\"aligncenter wp-image-27 size-large\" src=\"http:\/\/szalepolonii.warszawa.pl\/wp-content\/uploads\/2018\/06\/bro\u0144-radom-bracia-krwi-750x172.jpg\" alt=\"\" width=\"750\" height=\"172\" srcset=\"https:\/\/szalepolonii.warszawa.pl\/wp-content\/uploads\/2018\/06\/bro\u0144-radom-bracia-krwi-750x172.jpg 750w, https:\/\/szalepolonii.warszawa.pl\/wp-content\/uploads\/2018\/06\/bro\u0144-radom-bracia-krwi-200x46.jpg 200w, https:\/\/szalepolonii.warszawa.pl\/wp-content\/uploads\/2018\/06\/bro\u0144-radom-bracia-krwi-300x69.jpg 300w, https:\/\/szalepolonii.warszawa.pl\/wp-content\/uploads\/2018\/06\/bro\u0144-radom-bracia-krwi-768x176.jpg 768w\" sizes=\"auto, (max-width: 750px) 100vw, 750px\" \/><\/a><\/p>\n","protected":false},"excerpt":{"rendered":"","protected":false},"author":2,"featured_media":0,"comment_status":"closed","ping_status":"open","sticky":false,"template":"","format":"standard","meta":{"footnotes":""},"categories":[17,8],"tags":[19],"class_list":["post-271","post","type-post","status-publish","format-standard","hentry","category-bron-radom","category-laczone-zgodowe","tag-ksp"],"_links":{"self":[{"href":"https:\/\/szalepolonii.warszawa.pl\/index.php\/wp-json\/wp\/v2\/posts\/271","targetHints":{"allow":["GET"]}}],"collection":[{"href":"https:\/\/szalepolonii.warszawa.pl\/index.php\/wp-json\/wp\/v2\/posts"}],"about":[{"href":"https:\/\/szalepolonii.warszawa.pl\/index.php\/wp-json\/wp\/v2\/types\/post"}],"author":[{"embeddable":true,"href":"https:\/\/szalepolonii.warszawa.pl\/index.php\/wp-json\/wp\/v2\/users\/2"}],"replies":[{"embeddable":true,"href":"https:\/\/szalepolonii.warszawa.pl\/index.php\/wp-json\/wp\/v2\/comments?post=271"}],"version-history":[{"count":4,"href":"https:\/\/szalepolonii.warszawa.pl\/index.php\/wp-json\/wp\/v2\/posts\/271\/revisions"}],"predecessor-version":[{"id":18326,"href":"https:\/\/szalepolonii.warszawa.pl\/index.php\/wp-json\/wp\/v2\/posts\/271\/revisions\/18326"}],"wp:attachment":[{"href":"https:\/\/szalepolonii.warszawa.pl\/index.php\/wp-json\/wp\/v2\/media?parent=271"}],"wp:term":[{"taxonomy":"category","embeddable":true,"href":"https:\/\/szalepolonii.warszawa.pl\/index.php\/wp-json\/wp\/v2\/categories?post=271"},{"taxonomy":"post_tag","embeddable":true,"href":"https:\/\/szalepolonii.warszawa.pl\/index.php\/wp-json\/wp\/v2\/tags?post=271"}],"curies":[{"name":"wp","href":"https:\/\/api.w.org\/{rel}","templated":true}]}}