{"id":19816,"date":"2025-09-12T23:35:00","date_gmt":"2025-09-12T21:35:00","guid":{"rendered":"https:\/\/szalepolonii.warszawa.pl\/?p=19816"},"modified":"2025-09-12T23:35:01","modified_gmt":"2025-09-12T21:35:01","slug":"ksp-powstanczy-warszawa-44-polonia-pamieta-polska-walczaca-syrenka","status":"publish","type":"post","link":"https:\/\/szalepolonii.warszawa.pl\/index.php\/2025\/09\/12\/ksp-powstanczy-warszawa-44-polonia-pamieta-polska-walczaca-syrenka\/","title":{"rendered":"KSP powsta\u0144czy; Warszawa &#8217;44; Polonia pami\u0119ta; Polska Walcz\u0105ca; syrenka"},"content":{"rendered":"\n<figure class=\"wp-block-image size-large\"><img loading=\"lazy\" decoding=\"async\" width=\"950\" height=\"273\" src=\"https:\/\/szalepolonii.warszawa.pl\/wp-content\/uploads\/2025\/09\/KSP-powstanczy-Polonia-Pamieta-950x273.jpg\" alt=\"\" class=\"wp-image-19787\" srcset=\"https:\/\/szalepolonii.warszawa.pl\/wp-content\/uploads\/2025\/09\/KSP-powstanczy-Polonia-Pamieta-950x273.jpg 950w, https:\/\/szalepolonii.warszawa.pl\/wp-content\/uploads\/2025\/09\/KSP-powstanczy-Polonia-Pamieta-300x86.jpg 300w, https:\/\/szalepolonii.warszawa.pl\/wp-content\/uploads\/2025\/09\/KSP-powstanczy-Polonia-Pamieta-200x57.jpg 200w, https:\/\/szalepolonii.warszawa.pl\/wp-content\/uploads\/2025\/09\/KSP-powstanczy-Polonia-Pamieta-768x221.jpg 768w, https:\/\/szalepolonii.warszawa.pl\/wp-content\/uploads\/2025\/09\/KSP-powstanczy-Polonia-Pamieta-1536x441.jpg 1536w, https:\/\/szalepolonii.warszawa.pl\/wp-content\/uploads\/2025\/09\/KSP-powstanczy-Polonia-Pamieta-2048x589.jpg 2048w, https:\/\/szalepolonii.warszawa.pl\/wp-content\/uploads\/2025\/09\/KSP-powstanczy-Polonia-Pamieta-1000x287.jpg 1000w\" sizes=\"auto, (max-width: 950px) 100vw, 950px\" \/><\/figure>\n","protected":false},"excerpt":{"rendered":"","protected":false},"author":2,"featured_media":0,"comment_status":"closed","ping_status":"open","sticky":false,"template":"","format":"standard","meta":{"footnotes":""},"categories":[4],"tags":[19,20],"class_list":["post-19816","post","type-post","status-publish","format-standard","hentry","category-klub-sportowy-polonia","tag-ksp","tag-polonia"],"_links":{"self":[{"href":"https:\/\/szalepolonii.warszawa.pl\/index.php\/wp-json\/wp\/v2\/posts\/19816","targetHints":{"allow":["GET"]}}],"collection":[{"href":"https:\/\/szalepolonii.warszawa.pl\/index.php\/wp-json\/wp\/v2\/posts"}],"about":[{"href":"https:\/\/szalepolonii.warszawa.pl\/index.php\/wp-json\/wp\/v2\/types\/post"}],"author":[{"embeddable":true,"href":"https:\/\/szalepolonii.warszawa.pl\/index.php\/wp-json\/wp\/v2\/users\/2"}],"replies":[{"embeddable":true,"href":"https:\/\/szalepolonii.warszawa.pl\/index.php\/wp-json\/wp\/v2\/comments?post=19816"}],"version-history":[{"count":1,"href":"https:\/\/szalepolonii.warszawa.pl\/index.php\/wp-json\/wp\/v2\/posts\/19816\/revisions"}],"predecessor-version":[{"id":19819,"href":"https:\/\/szalepolonii.warszawa.pl\/index.php\/wp-json\/wp\/v2\/posts\/19816\/revisions\/19819"}],"wp:attachment":[{"href":"https:\/\/szalepolonii.warszawa.pl\/index.php\/wp-json\/wp\/v2\/media?parent=19816"}],"wp:term":[{"taxonomy":"category","embeddable":true,"href":"https:\/\/szalepolonii.warszawa.pl\/index.php\/wp-json\/wp\/v2\/categories?post=19816"},{"taxonomy":"post_tag","embeddable":true,"href":"https:\/\/szalepolonii.warszawa.pl\/index.php\/wp-json\/wp\/v2\/tags?post=19816"}],"curies":[{"name":"wp","href":"https:\/\/api.w.org\/{rel}","templated":true}]}}