{"id":19439,"date":"2018-08-25T11:02:25","date_gmt":"2018-08-25T09:02:25","guid":{"rendered":"https:\/\/szalepolonii.warszawa.pl\/?p=19439"},"modified":"2025-03-14T14:01:31","modified_gmt":"2025-03-14T13:01:31","slug":"ksp-gen-kazimierz-sosnkowski-19-11-1885-11-10-1969-naczelny-wodz-polskich-sil-zbrojnych-prezes-polonii-warszawa-polonia-pamieta","status":"publish","type":"post","link":"https:\/\/szalepolonii.warszawa.pl\/index.php\/2018\/08\/25\/ksp-gen-kazimierz-sosnkowski-19-11-1885-11-10-1969-naczelny-wodz-polskich-sil-zbrojnych-prezes-polonii-warszawa-polonia-pamieta\/","title":{"rendered":"KSP gen. Kazimierz Sosnkowski; 19.11.1885 &#8211; 11.10.1969; Naczelny W\u00f3dz Polskich Si\u0142 Zbrojnych, prezes Polonii Warszawa; Polonia pami\u0119ta!; postacie"},"content":{"rendered":"\n<figure class=\"wp-block-image size-large\"><img loading=\"lazy\" decoding=\"async\" width=\"950\" height=\"279\" src=\"https:\/\/szalepolonii.warszawa.pl\/wp-content\/uploads\/2025\/02\/KSP-gen-sosnkowski-2025-950x279.jpg\" alt=\"\" class=\"wp-image-19419\" srcset=\"https:\/\/szalepolonii.warszawa.pl\/wp-content\/uploads\/2025\/02\/KSP-gen-sosnkowski-2025-950x279.jpg 950w, https:\/\/szalepolonii.warszawa.pl\/wp-content\/uploads\/2025\/02\/KSP-gen-sosnkowski-2025-300x88.jpg 300w, https:\/\/szalepolonii.warszawa.pl\/wp-content\/uploads\/2025\/02\/KSP-gen-sosnkowski-2025-200x59.jpg 200w, https:\/\/szalepolonii.warszawa.pl\/wp-content\/uploads\/2025\/02\/KSP-gen-sosnkowski-2025-768x226.jpg 768w, https:\/\/szalepolonii.warszawa.pl\/wp-content\/uploads\/2025\/02\/KSP-gen-sosnkowski-2025-1536x452.jpg 1536w, https:\/\/szalepolonii.warszawa.pl\/wp-content\/uploads\/2025\/02\/KSP-gen-sosnkowski-2025-2048x602.jpg 2048w, https:\/\/szalepolonii.warszawa.pl\/wp-content\/uploads\/2025\/02\/KSP-gen-sosnkowski-2025-1000x294.jpg 1000w\" sizes=\"auto, (max-width: 950px) 100vw, 950px\" \/><\/figure>\n","protected":false},"excerpt":{"rendered":"","protected":false},"author":2,"featured_media":0,"comment_status":"closed","ping_status":"open","sticky":false,"template":"","format":"standard","meta":{"footnotes":""},"categories":[4,59],"tags":[19,20],"class_list":["post-19439","post","type-post","status-publish","format-standard","hentry","category-klub-sportowy-polonia","category-postacie","tag-ksp","tag-polonia"],"_links":{"self":[{"href":"https:\/\/szalepolonii.warszawa.pl\/index.php\/wp-json\/wp\/v2\/posts\/19439","targetHints":{"allow":["GET"]}}],"collection":[{"href":"https:\/\/szalepolonii.warszawa.pl\/index.php\/wp-json\/wp\/v2\/posts"}],"about":[{"href":"https:\/\/szalepolonii.warszawa.pl\/index.php\/wp-json\/wp\/v2\/types\/post"}],"author":[{"embeddable":true,"href":"https:\/\/szalepolonii.warszawa.pl\/index.php\/wp-json\/wp\/v2\/users\/2"}],"replies":[{"embeddable":true,"href":"https:\/\/szalepolonii.warszawa.pl\/index.php\/wp-json\/wp\/v2\/comments?post=19439"}],"version-history":[{"count":2,"href":"https:\/\/szalepolonii.warszawa.pl\/index.php\/wp-json\/wp\/v2\/posts\/19439\/revisions"}],"predecessor-version":[{"id":19552,"href":"https:\/\/szalepolonii.warszawa.pl\/index.php\/wp-json\/wp\/v2\/posts\/19439\/revisions\/19552"}],"wp:attachment":[{"href":"https:\/\/szalepolonii.warszawa.pl\/index.php\/wp-json\/wp\/v2\/media?parent=19439"}],"wp:term":[{"taxonomy":"category","embeddable":true,"href":"https:\/\/szalepolonii.warszawa.pl\/index.php\/wp-json\/wp\/v2\/categories?post=19439"},{"taxonomy":"post_tag","embeddable":true,"href":"https:\/\/szalepolonii.warszawa.pl\/index.php\/wp-json\/wp\/v2\/tags?post=19439"}],"curies":[{"name":"wp","href":"https:\/\/api.w.org\/{rel}","templated":true}]}}