{"id":193,"date":"2018-08-22T15:53:47","date_gmt":"2018-08-22T13:53:47","guid":{"rendered":"http:\/\/szalepolonii.warszawa.pl\/?p=193"},"modified":"2018-10-16T09:57:52","modified_gmt":"2018-10-16T07:57:52","slug":"kpp-rok-zalozenia-1912-za-te-40-lat-orly-do-boju-polonia-pany-orly-sokoly-mistrz-polski-1946-jestesmy-z-wami","status":"publish","type":"post","link":"https:\/\/szalepolonii.warszawa.pl\/index.php\/2018\/08\/22\/kpp-rok-zalozenia-1912-za-te-40-lat-orly-do-boju-polonia-pany-orly-sokoly-mistrz-polski-1946-jestesmy-z-wami\/","title":{"rendered":"KPP rok za\u0142o\u017cenia 1912, za te 40 lat&#8230;, or\u0142y do boju, Polonia pany, or\u0142y soko\u0142y, MP 1946, jeste\u015bmy z Wami"},"content":{"rendered":"<p><a href=\"http:\/\/szalepolonii.warszawa.pl\/wp-content\/uploads\/2018\/06\/kpp-Or\u0142y-do-boju-zt40l.jpg\"><img loading=\"lazy\" decoding=\"async\" class=\"aligncenter wp-image-60 size-large\" src=\"http:\/\/szalepolonii.warszawa.pl\/wp-content\/uploads\/2018\/06\/kpp-Or\u0142y-do-boju-zt40l-950x259.jpg\" alt=\"\" width=\"950\" height=\"259\" srcset=\"https:\/\/szalepolonii.warszawa.pl\/wp-content\/uploads\/2018\/06\/kpp-Or\u0142y-do-boju-zt40l-950x259.jpg 950w, https:\/\/szalepolonii.warszawa.pl\/wp-content\/uploads\/2018\/06\/kpp-Or\u0142y-do-boju-zt40l-200x55.jpg 200w, https:\/\/szalepolonii.warszawa.pl\/wp-content\/uploads\/2018\/06\/kpp-Or\u0142y-do-boju-zt40l-300x82.jpg 300w, https:\/\/szalepolonii.warszawa.pl\/wp-content\/uploads\/2018\/06\/kpp-Or\u0142y-do-boju-zt40l-768x210.jpg 768w\" sizes=\"auto, (max-width: 950px) 100vw, 950px\" \/><\/a><\/p>\n","protected":false},"excerpt":{"rendered":"","protected":false},"author":2,"featured_media":0,"comment_status":"closed","ping_status":"open","sticky":false,"template":"","format":"standard","meta":{"footnotes":""},"categories":[5],"tags":[22,24,30,20],"class_list":["post-193","post","type-post","status-publish","format-standard","hentry","category-klub-pilkarski-polonia","tag-22","tag-24","tag-40-lat","tag-polonia"],"_links":{"self":[{"href":"https:\/\/szalepolonii.warszawa.pl\/index.php\/wp-json\/wp\/v2\/posts\/193","targetHints":{"allow":["GET"]}}],"collection":[{"href":"https:\/\/szalepolonii.warszawa.pl\/index.php\/wp-json\/wp\/v2\/posts"}],"about":[{"href":"https:\/\/szalepolonii.warszawa.pl\/index.php\/wp-json\/wp\/v2\/types\/post"}],"author":[{"embeddable":true,"href":"https:\/\/szalepolonii.warszawa.pl\/index.php\/wp-json\/wp\/v2\/users\/2"}],"replies":[{"embeddable":true,"href":"https:\/\/szalepolonii.warszawa.pl\/index.php\/wp-json\/wp\/v2\/comments?post=193"}],"version-history":[{"count":5,"href":"https:\/\/szalepolonii.warszawa.pl\/index.php\/wp-json\/wp\/v2\/posts\/193\/revisions"}],"predecessor-version":[{"id":1221,"href":"https:\/\/szalepolonii.warszawa.pl\/index.php\/wp-json\/wp\/v2\/posts\/193\/revisions\/1221"}],"wp:attachment":[{"href":"https:\/\/szalepolonii.warszawa.pl\/index.php\/wp-json\/wp\/v2\/media?parent=193"}],"wp:term":[{"taxonomy":"category","embeddable":true,"href":"https:\/\/szalepolonii.warszawa.pl\/index.php\/wp-json\/wp\/v2\/categories?post=193"},{"taxonomy":"post_tag","embeddable":true,"href":"https:\/\/szalepolonii.warszawa.pl\/index.php\/wp-json\/wp\/v2\/tags?post=193"}],"curies":[{"name":"wp","href":"https:\/\/api.w.org\/{rel}","templated":true}]}}