{"id":191,"date":"2022-02-23T15:51:40","date_gmt":"2022-02-23T14:51:40","guid":{"rendered":"http:\/\/szalepolonii.warszawa.pl\/?p=191"},"modified":"2022-02-24T13:44:59","modified_gmt":"2022-02-24T12:44:59","slug":"kpp-twoj-blask-przycmi-swiat-zawsze-jestesmy-z-wami-czarne-koszule-1912-elita-stolicy-orly-sokoly-mistrz-polski-1946","status":"publish","type":"post","link":"https:\/\/szalepolonii.warszawa.pl\/index.php\/2022\/02\/23\/kpp-twoj-blask-przycmi-swiat-zawsze-jestesmy-z-wami-czarne-koszule-1912-elita-stolicy-orly-sokoly-mistrz-polski-1946\/","title":{"rendered":"KPP Tw\u00f3j blask przy\u0107mi \u015bwiat, zawsze jeste\u015bmy z Wami, Czarne Koszule 1912, elita stolicy, or\u0142y soko\u0142y, MP 1946"},"content":{"rendered":"<p><a href=\"http:\/\/szalepolonii.warszawa.pl\/wp-content\/uploads\/2018\/06\/kpp-tw\u00f3j-blask-przy\u0107mi.jpg\"><img loading=\"lazy\" decoding=\"async\" class=\"aligncenter wp-image-61 size-large\" src=\"http:\/\/szalepolonii.warszawa.pl\/wp-content\/uploads\/2018\/06\/kpp-tw\u00f3j-blask-przy\u0107mi-950x267.jpg\" alt=\"\" width=\"950\" height=\"267\" srcset=\"https:\/\/szalepolonii.warszawa.pl\/wp-content\/uploads\/2018\/06\/kpp-tw\u00f3j-blask-przy\u0107mi-950x267.jpg 950w, https:\/\/szalepolonii.warszawa.pl\/wp-content\/uploads\/2018\/06\/kpp-tw\u00f3j-blask-przy\u0107mi-200x56.jpg 200w, https:\/\/szalepolonii.warszawa.pl\/wp-content\/uploads\/2018\/06\/kpp-tw\u00f3j-blask-przy\u0107mi-300x84.jpg 300w, https:\/\/szalepolonii.warszawa.pl\/wp-content\/uploads\/2018\/06\/kpp-tw\u00f3j-blask-przy\u0107mi-768x216.jpg 768w\" sizes=\"auto, (max-width: 950px) 100vw, 950px\" \/><\/a><\/p>\n","protected":false},"excerpt":{"rendered":"","protected":false},"author":2,"featured_media":0,"comment_status":"closed","ping_status":"open","sticky":false,"template":"","format":"standard","meta":{"footnotes":""},"categories":[5],"tags":[22,24,31],"class_list":["post-191","post","type-post","status-publish","format-standard","hentry","category-klub-pilkarski-polonia","tag-22","tag-24","tag-czarne-koszule"],"_links":{"self":[{"href":"https:\/\/szalepolonii.warszawa.pl\/index.php\/wp-json\/wp\/v2\/posts\/191","targetHints":{"allow":["GET"]}}],"collection":[{"href":"https:\/\/szalepolonii.warszawa.pl\/index.php\/wp-json\/wp\/v2\/posts"}],"about":[{"href":"https:\/\/szalepolonii.warszawa.pl\/index.php\/wp-json\/wp\/v2\/types\/post"}],"author":[{"embeddable":true,"href":"https:\/\/szalepolonii.warszawa.pl\/index.php\/wp-json\/wp\/v2\/users\/2"}],"replies":[{"embeddable":true,"href":"https:\/\/szalepolonii.warszawa.pl\/index.php\/wp-json\/wp\/v2\/comments?post=191"}],"version-history":[{"count":4,"href":"https:\/\/szalepolonii.warszawa.pl\/index.php\/wp-json\/wp\/v2\/posts\/191\/revisions"}],"predecessor-version":[{"id":1222,"href":"https:\/\/szalepolonii.warszawa.pl\/index.php\/wp-json\/wp\/v2\/posts\/191\/revisions\/1222"}],"wp:attachment":[{"href":"https:\/\/szalepolonii.warszawa.pl\/index.php\/wp-json\/wp\/v2\/media?parent=191"}],"wp:term":[{"taxonomy":"category","embeddable":true,"href":"https:\/\/szalepolonii.warszawa.pl\/index.php\/wp-json\/wp\/v2\/categories?post=191"},{"taxonomy":"post_tag","embeddable":true,"href":"https:\/\/szalepolonii.warszawa.pl\/index.php\/wp-json\/wp\/v2\/tags?post=191"}],"curies":[{"name":"wp","href":"https:\/\/api.w.org\/{rel}","templated":true}]}}