{"id":173,"date":"2018-08-22T15:23:44","date_gmt":"2018-08-22T13:23:44","guid":{"rendered":"http:\/\/szalepolonii.warszawa.pl\/?p=173"},"modified":"2018-09-24T14:21:48","modified_gmt":"2018-09-24T12:21:48","slug":"ksp-czarnych-koszul-blask-przycmi-caly-swiat","status":"publish","type":"post","link":"https:\/\/szalepolonii.warszawa.pl\/index.php\/2018\/08\/22\/ksp-czarnych-koszul-blask-przycmi-caly-swiat\/","title":{"rendered":"KSP Czarnych Koszul blask przy\u0107mi ca\u0142y \u015bwiat"},"content":{"rendered":"<p><img loading=\"lazy\" decoding=\"async\" class=\"aligncenter wp-image-70 size-large\" src=\"http:\/\/szalepolonii.warszawa.pl\/wp-content\/uploads\/2018\/06\/KSP-CZARNYCH-KOSZUL-BLASK-600x185.jpg\" alt=\"\" width=\"600\" height=\"185\" \/><\/p>\n","protected":false},"excerpt":{"rendered":"","protected":false},"author":2,"featured_media":0,"comment_status":"closed","ping_status":"open","sticky":false,"template":"","format":"standard","meta":{"footnotes":""},"categories":[4],"tags":[19],"class_list":["post-173","post","type-post","status-publish","format-standard","hentry","category-klub-sportowy-polonia","tag-ksp"],"_links":{"self":[{"href":"https:\/\/szalepolonii.warszawa.pl\/index.php\/wp-json\/wp\/v2\/posts\/173","targetHints":{"allow":["GET"]}}],"collection":[{"href":"https:\/\/szalepolonii.warszawa.pl\/index.php\/wp-json\/wp\/v2\/posts"}],"about":[{"href":"https:\/\/szalepolonii.warszawa.pl\/index.php\/wp-json\/wp\/v2\/types\/post"}],"author":[{"embeddable":true,"href":"https:\/\/szalepolonii.warszawa.pl\/index.php\/wp-json\/wp\/v2\/users\/2"}],"replies":[{"embeddable":true,"href":"https:\/\/szalepolonii.warszawa.pl\/index.php\/wp-json\/wp\/v2\/comments?post=173"}],"version-history":[{"count":2,"href":"https:\/\/szalepolonii.warszawa.pl\/index.php\/wp-json\/wp\/v2\/posts\/173\/revisions"}],"predecessor-version":[{"id":1069,"href":"https:\/\/szalepolonii.warszawa.pl\/index.php\/wp-json\/wp\/v2\/posts\/173\/revisions\/1069"}],"wp:attachment":[{"href":"https:\/\/szalepolonii.warszawa.pl\/index.php\/wp-json\/wp\/v2\/media?parent=173"}],"wp:term":[{"taxonomy":"category","embeddable":true,"href":"https:\/\/szalepolonii.warszawa.pl\/index.php\/wp-json\/wp\/v2\/categories?post=173"},{"taxonomy":"post_tag","embeddable":true,"href":"https:\/\/szalepolonii.warszawa.pl\/index.php\/wp-json\/wp\/v2\/tags?post=173"}],"curies":[{"name":"wp","href":"https:\/\/api.w.org\/{rel}","templated":true}]}}