{"id":1608,"date":"2021-11-06T22:41:50","date_gmt":"2021-11-06T21:41:50","guid":{"rendered":"https:\/\/szalepolonii.warszawa.pl\/?p=1608"},"modified":"2021-11-06T22:54:31","modified_gmt":"2021-11-06T21:54:31","slug":"ksp-110-lat-dumy-stolicy-1911-2021-cztery-herby","status":"publish","type":"post","link":"https:\/\/szalepolonii.warszawa.pl\/index.php\/2021\/11\/06\/ksp-110-lat-dumy-stolicy-1911-2021-cztery-herby\/","title":{"rendered":"KSP 110 lat Dumy Stolicy; 1911 &#8211; 2021 (cztery herby)"},"content":{"rendered":"<p><img loading=\"lazy\" decoding=\"async\" class=\"alignnone size-large wp-image-1603\" src=\"https:\/\/szalepolonii.warszawa.pl\/wp-content\/uploads\/2021\/11\/KSP-110-lat-dumy-stolicy-sublim-950x281.jpg\" alt=\"\" width=\"950\" height=\"281\" srcset=\"https:\/\/szalepolonii.warszawa.pl\/wp-content\/uploads\/2021\/11\/KSP-110-lat-dumy-stolicy-sublim-950x281.jpg 950w, https:\/\/szalepolonii.warszawa.pl\/wp-content\/uploads\/2021\/11\/KSP-110-lat-dumy-stolicy-sublim-300x89.jpg 300w, https:\/\/szalepolonii.warszawa.pl\/wp-content\/uploads\/2021\/11\/KSP-110-lat-dumy-stolicy-sublim-200x59.jpg 200w, https:\/\/szalepolonii.warszawa.pl\/wp-content\/uploads\/2021\/11\/KSP-110-lat-dumy-stolicy-sublim-768x227.jpg 768w, https:\/\/szalepolonii.warszawa.pl\/wp-content\/uploads\/2021\/11\/KSP-110-lat-dumy-stolicy-sublim-1536x455.jpg 1536w, https:\/\/szalepolonii.warszawa.pl\/wp-content\/uploads\/2021\/11\/KSP-110-lat-dumy-stolicy-sublim-2048x607.jpg 2048w, https:\/\/szalepolonii.warszawa.pl\/wp-content\/uploads\/2021\/11\/KSP-110-lat-dumy-stolicy-sublim-1000x296.jpg 1000w\" sizes=\"auto, (max-width: 950px) 100vw, 950px\" \/><\/p>\n","protected":false},"excerpt":{"rendered":"<p>Polonia to my, ta warszawska dru\u017cyna. Ta historia si\u0119 nie ko\u0144czy, lecz dopiero zaczyna<\/p>\n","protected":false},"author":2,"featured_media":0,"comment_status":"closed","ping_status":"open","sticky":false,"template":"","format":"standard","meta":{"footnotes":""},"categories":[4],"tags":[50,23,19,20],"class_list":["post-1608","post","type-post","status-publish","format-standard","hentry","category-klub-sportowy-polonia","tag-110lat","tag-23","tag-ksp","tag-polonia"],"_links":{"self":[{"href":"https:\/\/szalepolonii.warszawa.pl\/index.php\/wp-json\/wp\/v2\/posts\/1608","targetHints":{"allow":["GET"]}}],"collection":[{"href":"https:\/\/szalepolonii.warszawa.pl\/index.php\/wp-json\/wp\/v2\/posts"}],"about":[{"href":"https:\/\/szalepolonii.warszawa.pl\/index.php\/wp-json\/wp\/v2\/types\/post"}],"author":[{"embeddable":true,"href":"https:\/\/szalepolonii.warszawa.pl\/index.php\/wp-json\/wp\/v2\/users\/2"}],"replies":[{"embeddable":true,"href":"https:\/\/szalepolonii.warszawa.pl\/index.php\/wp-json\/wp\/v2\/comments?post=1608"}],"version-history":[{"count":1,"href":"https:\/\/szalepolonii.warszawa.pl\/index.php\/wp-json\/wp\/v2\/posts\/1608\/revisions"}],"predecessor-version":[{"id":1609,"href":"https:\/\/szalepolonii.warszawa.pl\/index.php\/wp-json\/wp\/v2\/posts\/1608\/revisions\/1609"}],"wp:attachment":[{"href":"https:\/\/szalepolonii.warszawa.pl\/index.php\/wp-json\/wp\/v2\/media?parent=1608"}],"wp:term":[{"taxonomy":"category","embeddable":true,"href":"https:\/\/szalepolonii.warszawa.pl\/index.php\/wp-json\/wp\/v2\/categories?post=1608"},{"taxonomy":"post_tag","embeddable":true,"href":"https:\/\/szalepolonii.warszawa.pl\/index.php\/wp-json\/wp\/v2\/tags?post=1608"}],"curies":[{"name":"wp","href":"https:\/\/api.w.org\/{rel}","templated":true}]}}